[{"@context":"https:\/\/schema.org\/","@type":"Article","@id":"https:\/\/www.krakra.cz\/video-a-vimeo\/#Article","mainEntityOfPage":"https:\/\/www.krakra.cz\/video-a-vimeo\/","headline":"Video a vimeo","name":"Video a vimeo","description":"Kolikr\u00e1t jsem si \u0159\u00edkala, \u017ee jsem d\u0159\u00edve m\u011bla studovat n\u011bjakou IT technologi\u00ed anebo n\u011bco podobn\u00e9ho s po\u010d\u00edta\u010di. Proto\u017ee u\u017e jako... <a class=\"direadmore\" href=\"https:\/\/www.krakra.cz\/video-a-vimeo\/\"> Continue Reading&#8230;<\/a>","datePublished":"2023-03-28","dateModified":"2023-03-28","author":{"@type":"Person","@id":"https:\/\/www.krakra.cz\/author\/#Person","name":"","url":"https:\/\/www.krakra.cz\/author\/","identifier":1,"image":{"@type":"ImageObject","@id":"https:\/\/secure.gravatar.com\/avatar\/b284045843c408c62f17f24f06fc21877cb3f3f5d67c24728f73b54e3c5ca1db?s=96&d=mm&r=g","url":"https:\/\/secure.gravatar.com\/avatar\/b284045843c408c62f17f24f06fc21877cb3f3f5d67c24728f73b54e3c5ca1db?s=96&d=mm&r=g","height":96,"width":96}},"publisher":{"@type":"Organization","name":"krakra.cz","logo":{"@type":"ImageObject","@id":"\/logo.png","url":"\/logo.png","width":600,"height":60}},"image":{"@type":"ImageObject","@id":"https:\/\/www.krakra.cz\/wp-content\/uploads\/smartphone-2758475_960_720.jpg","url":"https:\/\/www.krakra.cz\/wp-content\/uploads\/smartphone-2758475_960_720.jpg","height":0,"width":0},"url":"https:\/\/www.krakra.cz\/video-a-vimeo\/","about":["Online"],"wordCount":444,"articleBody":"        Kolikr\u00e1t jsem si \u0159\u00edkala, \u017ee jsem d\u0159\u00edve m\u011bla studovat n\u011bjakou IT technologi\u00ed anebo n\u011bco podobn\u00e9ho s po\u010d\u00edta\u010di. Proto\u017ee u\u017e jako dosp\u00edvaj\u00edc\u00ed jsem se velice zaj\u00edmala o po\u010d\u00edta\u010de a v\u0161echno kolem. Cht\u011bla jsem taky um\u011bt stahovat r\u016fzn\u00e1 videa nebo filmy. U\u017e jako mal\u00e9 d\u00edt\u011b jsem si hr\u00e1la s po\u010d\u00edta\u010dem. Tak\u00e9 jsem m\u011bla to \u0161t\u011bst\u00ed, \u017ee jsem m\u011bla docela bohat\u00e9 rodi\u010de, kte\u0159\u00ed mi u\u017e v sedmi letech koupili m\u016fj prvn\u00ed po\u010d\u00edta\u010d a tak\u00e9 tablet a tak\u00e9 mobiln\u00ed telefon. Ani nemus\u00edm popisovat to, jak jsem z toho byla nad\u0161en\u00e1 a jak moc m\u011b to bavilo, proto\u017ee jsem potom tak\u00e9 v dosp\u011blosti \u0159ekla sv\u00e9mu p\u0159\u00edteli, co by na to \u0159ekl, kdybych \u0161la studovat je\u0161t\u011b do \u0161koly, a to rok a p\u016fl obor po\u010d\u00edta\u010de a informa\u010dn\u00ed technologie. P\u0159\u00edtel \u0159ekl, \u017ee by byl docela r\u00e1d, proto\u017ee i jeho zaj\u00edmaj\u00ed hodn\u011b po\u010d\u00edta\u010de. A tak\u00e9 m\u011b zaj\u00edmalo, jak st\u00e1hnout video z vimeo. A ze za\u010d\u00e1tku jsem nev\u011bd\u011bla, co je to vimeo. Tak jsem si \u0159ekla, \u017ee video downloader je opravdu skv\u011bl\u00e9, pokud chcete stahovat videa. A mo\u017en\u00e1 proto hled\u00e1te tak\u00e9 n\u011bjak\u00e9 informace, jak st\u00e1hnout video z vimeo. Opravdu na tom nen\u00ed nic slo\u017eit\u00e9ho, proto\u017ee tady se nab\u00edz\u00ed takov\u00fd n\u00e1stroj, se kter\u00fdm p\u016fjde stahov\u00e1n\u00ed jedna b\u00e1se\u0148. A v\u00edce informac\u00ed se dozv\u00edte na webov\u00e9 str\u00e1nce stahujividea.cz, kde je opravdu mnoho informac\u00ed o tom, jak st\u00e1hnout video. Na internetu je toti\u017e mnoho zaj\u00edmav\u00fdch audioz\u00e1znam\u016f anebo vide\u00ed kter\u00e9 chcete vid\u011bt i pozd\u011bji. Tak\u017ee si to m\u016f\u017eete st\u00e1hnout. A tak\u00e9 jsem si kolikr\u00e1t \u0159\u00edkala, jak je moc prima, \u017ee existuj\u00ed r\u016fzn\u00e9 po\u010d\u00edta\u010dov\u00e9 n\u00e1stroje, jak si zjednodu\u0161it pr\u00e1ci na po\u010d\u00edta\u010di nebo jak st\u00e1hnout video z vimeo. V\u011b\u0159te mi, \u017ee ze za\u010d\u00e1tku to pro v\u00e1s bude t\u0159eba i velmi slo\u017eit\u00e9, ale kdy\u017e se do toho pozd\u011bji dostanete, tak zjist\u00edte, \u017ee je to vlastn\u011b docela jednoduch\u00e9. Sama jsem si \u0159ekla, \u017ee kdy\u017e se tomu budu v\u011bnovat d\u00e1le, tak uvid\u00edm, \u017ee mi to potom p\u016fjde, Jsme hodn\u011b u\u010denliv\u00e1, tak\u017ee jsme se tohle v\u0161echno nau\u010dila ani ne jeden den. Proto i v\u00e1m rad\u00edm, aby sjet brzy neh\u00e1zeli flintu do \u017eita a tak\u00e9 n\u011bjakou dobu vydr\u017eeli.                                                                                                                                                                                                                                                                                                                                                                                                   "},{"@context":"https:\/\/schema.org\/","@type":"BreadcrumbList","itemListElement":[{"@type":"ListItem","position":1,"name":"Video a vimeo","item":"https:\/\/www.krakra.cz\/video-a-vimeo\/#breadcrumbitem"}]}]