[{"@context":"https:\/\/schema.org\/","@type":"Article","@id":"https:\/\/www.krakra.cz\/je-spolecnost-vuci-detem-alergicka\/#Article","mainEntityOfPage":"https:\/\/www.krakra.cz\/je-spolecnost-vuci-detem-alergicka\/","headline":"Je spole\u010dnost v\u016f\u010di d\u011btem alergick\u00e1?","name":"Je spole\u010dnost v\u016f\u010di d\u011btem alergick\u00e1?","description":"I p\u0159es skute\u010dnost, \u017ee jsou d\u011bti nesm\u00edrn\u011b roztomil\u00e9 bytosti, kter\u00e9 n\u00e1s doj\u00edmaj\u00ed i v p\u0159\u00edpad\u011b, \u017ee nejsou na\u0161e, se na... <a class=\"direadmore\" href=\"https:\/\/www.krakra.cz\/je-spolecnost-vuci-detem-alergicka\/\"> Continue Reading&#8230;<\/a>","datePublished":"2020-10-11","dateModified":"2023-05-24","author":{"@type":"Person","@id":"https:\/\/www.krakra.cz\/author\/#Person","name":"","url":"https:\/\/www.krakra.cz\/author\/","identifier":1,"image":{"@type":"ImageObject","@id":"https:\/\/secure.gravatar.com\/avatar\/b284045843c408c62f17f24f06fc21877cb3f3f5d67c24728f73b54e3c5ca1db?s=96&d=mm&r=g","url":"https:\/\/secure.gravatar.com\/avatar\/b284045843c408c62f17f24f06fc21877cb3f3f5d67c24728f73b54e3c5ca1db?s=96&d=mm&r=g","height":96,"width":96}},"publisher":{"@type":"Organization","name":"krakra.cz","logo":{"@type":"ImageObject","@id":"\/logo.png","url":"\/logo.png","width":600,"height":60}},"image":{"@type":"ImageObject","@id":"https:\/\/www.krakra.cz\/wp-content\/uploads\/img_a336785_w2402_t1550075071.jpg","url":"https:\/\/www.krakra.cz\/wp-content\/uploads\/img_a336785_w2402_t1550075071.jpg","height":0,"width":0},"url":"https:\/\/www.krakra.cz\/je-spolecnost-vuci-detem-alergicka\/","wordCount":525,"articleBody":"\tI p\u0159es skute\u010dnost, \u017ee jsou d\u011bti nesm\u00edrn\u011b roztomil\u00e9 bytosti, kter\u00e9 n\u00e1s doj\u00edmaj\u00ed i v p\u0159\u00edpad\u011b, \u017ee nejsou na\u0161e, se na jejich sv\u011bt d\u00edv\u00e1me pon\u011bkud odpudiv\u011b. Je tis\u00edce p\u0159\u00edpad\u016f, p\u0159i kter\u00fdch se lidi pozastav\u00ed nad t\u00edm, jak se chovaj\u00ed a co v\u0161echno si dovoluj\u00ed.\tP\u0159itom jsou to po\u0159\u00e1d d\u011bti, kter\u00e9 maj\u00ed v tomto \u201edokonal\u00e9m\u201c sv\u011bt\u011b jako jedin\u00e9 chu\u0165 \u017e\u00edt ho tak, jak si p\u0159ej\u00ed.\t\tNa vin\u011b jsou rodi\u010de&#8230; pochopiteln\u011b\tV\u011bt\u0161ina lid\u00ed se pohor\u0161uje nad t\u00edm, co v\u0161echno d\u011bl\u00e1 ciz\u00ed d\u00edt\u011b a pro\u010d nad n\u00edm nemaj\u00ed rodi\u010de pevnou ruku, kter\u00e1 jim to nedovol\u00ed. Co je v\u0161ak pro ciz\u00ed lidi norm\u00e1ln\u00ed, to si rodi\u010de d\u011bt\u00ed v\u011bt\u0161inou nep\u0159ipou\u0161t\u00ed a d\u011bti u\u017e v\u016fbec netu\u0161\u00ed, co je na jejich chov\u00e1n\u00ed tak \u0161patn\u00e9.\tPravdou je, \u017ee dne\u0161n\u00ed spole\u010dnost soud\u00ed nejen rodi\u010de, ale i d\u011bti, kter\u00e9 prakticky nem\u016f\u017eou absolutn\u011b nic, jinak by to vyvolalo vlnu kritiky. A \u017ee za to m\u016f\u017eou rodi\u010de? Omyl, doba se zm\u011bnila a dnes se u\u017e na v\u0161echno, do \u010deho se pust\u00ed mal\u00e9 d\u00edt\u011b, lidi d\u00edvaj\u00ed jako na nep\u0159\u00edpustn\u00fd \u010din, kter\u00fd je naprosto nepochopiteln\u00fd.\t\tNek\u0159i\u010det, nebre\u010det, nesahat a v\u017edy b\u00fdt potichu!\tOd mali\u010dka u\u010d\u00edme na\u0161e d\u011bti to, co je v souladu s dobr\u00fdmi mravy, ale sou\u010dasn\u011b jich u\u010d\u00edme i to, \u017ee maj\u00ed b\u00fdt hrav\u00e9, vesel\u00e9 a p\u0159irozen\u011b zkoumat v\u0161e, co jich zaj\u00edm\u00e1 a nen\u00ed to pro nich nebezpe\u010dn\u00e9. Pro\u010d v\u0161ak po\u017eadujeme po d\u011btech, kter\u00e9 nejsou na\u0161e a je jich v\u0161ude kolem v\u00edce ne\u017e dost to, aby byly potichu, chovaly se vzorn\u011b a diplomaticky?\tDosp\u011bl\u00fd \u010dlov\u011bk by nem\u011bl soudit d\u00edt\u011b, kter\u00e9 se projevuje t\u00edm, \u017ee ze sebe dostane n\u011bjak\u00e9 emoce, pomoc\u00ed kter\u00fdch se vyj\u00e1d\u0159\u00ed. Pat\u0159\u00ed k nim i pl\u00e1\u010d, vztek, k\u0159ik nebo i hlasit\u00fd jekot z radosti. D\u00edt\u011b prakticky nen\u00ed mo\u017en\u00e9 udr\u017eet st\u00e1t na m\u00edst\u011b a nau\u010dit ho neu\u017e\u00edvat si radost z pohybu a nep\u0159ibl\u00ed\u017eit se ke v\u0161emu, na co by si r\u00e1do s\u00e1hlo. Pro\u010d je to ov\u0161em pro spole\u010dnost takov\u00fd probl\u00e9m, kdy\u017e si mal\u00e9 d\u011bti v jejich ide\u00e1ln\u00edm sv\u011bt\u011b \u017eij\u00ed naplno a nemaj\u00ed je\u0161t\u011b \u017e\u00e1dn\u00e9 starosti? Nem\u011bli bychom jim jich p\u0159id\u00e1vat a zat\u011b\u017eovat jich na\u0161imi negativn\u00edmi postoji v\u016f\u010di tomu, co je z dosp\u011bl\u00e9ho pohledu v po\u0159\u00e1dku a co naopak nikoli.\tJednou toti\u017e vyrostou a u\u017e nebudou m\u00edt pot\u0159ebu v\u0161ude b\u011bhat, sk\u00e1kat, zkoumat a projevovat se tak, jak jen cht\u011bj\u00ed. A rovn\u011b\u017e je tu i pravd\u011bpodobnost, \u017ee nebudou m\u00edt \u0161anci k tomu, u\u017e\u00edt si \u017eivot tak, jak tomu bylo v jejich d\u011btstv\u00ed, kter\u00e9 bylo ve v\u0161ech ohledech perfektn\u00ed.                                                                                                                                                                                                                                                                                                                                                                                        4\/5 - (7 votes)        "},{"@context":"https:\/\/schema.org\/","@type":"BreadcrumbList","itemListElement":[{"@type":"ListItem","position":1,"name":"Je spole\u010dnost v\u016f\u010di d\u011btem alergick\u00e1?","item":"https:\/\/www.krakra.cz\/je-spolecnost-vuci-detem-alergicka\/#breadcrumbitem"}]}]